{"id":823,"date":"2022-11-13T10:44:20","date_gmt":"2022-11-13T09:44:20","guid":{"rendered":"https:\/\/www.alter-italia.com\/?p=823"},"modified":"2022-11-13T11:12:14","modified_gmt":"2022-11-13T10:12:14","slug":"conferenze-in-italiano-a-mentone","status":"publish","type":"post","link":"https:\/\/www.alter-italia.com\/index.php\/2022\/11\/13\/conferenze-in-italiano-a-mentone\/","title":{"rendered":"Conferenze in italiano a Mentone"},"content":{"rendered":"\n<p>La Facolt\u00e0 di Scienze Politiche di Parigi (Science Po, come viene comunemente chiamata) ha una bella sezione a Mentone, sulla Costa Azzurra. Fondata nel 2005, \u00e8 considerata il Campus mediterraneo della facolt\u00e0 stessa.<\/p>\n\n\n\n<figure class=\"wp-block-image size-full\"><img loading=\"lazy\" decoding=\"async\" width=\"900\" height=\"599\" src=\"https:\/\/www.alter-italia.com\/wp-content\/uploads\/2022\/11\/Sciences-Po-Menton_900x900.jpg\" alt=\"\" class=\"wp-image-824\" srcset=\"https:\/\/www.alter-italia.com\/wp-content\/uploads\/2022\/11\/Sciences-Po-Menton_900x900.jpg 900w, https:\/\/www.alter-italia.com\/wp-content\/uploads\/2022\/11\/Sciences-Po-Menton_900x900-300x200.jpg 300w, https:\/\/www.alter-italia.com\/wp-content\/uploads\/2022\/11\/Sciences-Po-Menton_900x900-768x511.jpg 768w\" sizes=\"auto, (max-width: 709px) 85vw, (max-width: 909px) 67vw, (max-width: 1362px) 62vw, 840px\" \/><figcaption>Sciences Po Menton. Foto \u00a9 Agence Menton.<\/figcaption><\/figure>\n\n\n\n<p>Il Campus ospita quasi 500 studenti, la maggioranza non francesi: gli stranieri sono infatti il 70%. Vi sono anche tanti italiani.<\/p>\n\n\n\n<p>L\u2019italiano \u00e8 una delle lingue insegnate, accanto al turco, l\u2019arabo, l\u2019ebraico moderno, e il persiano. I corsi sono in francese ed inglese.<\/p>\n\n\n\n<p>L\u2019indirizzo di studi, che comporta una formazione multidisciplinare, \u00e8 rivolto alle regioni del Mediterraneo. La sede si trova&nbsp; nel centro storico, in un palazzo monumentale di ispirazione italiana, accuratamente ristrutturato, in zona elevata, con vista mare, al numero 11 di Place Saint-Julien.<\/p>\n\n\n\n<p>In questo luogo prestigioso, \u00e8 stato organizzato un ciclo di conferenze sull\u2019Italia, condotto ed animato da Marc Lazar, professore emerito di storia e sociologia politica.<\/p>\n\n\n<div class=\"wp-block-image\">\n<figure class=\"aligncenter size-full\"><img loading=\"lazy\" decoding=\"async\" width=\"250\" height=\"200\" src=\"https:\/\/www.alter-italia.com\/wp-content\/uploads\/2022\/11\/lazar.jpg\" alt=\"\" class=\"wp-image-825\"\/><figcaption>Prof. Marc Lazar. Foto  ISPI.<\/figcaption><\/figure>\n<\/div>\n\n\n<p>Ad inaugurare il ciclo \u00e8 stato&nbsp; invitato <a href=\"https:\/\/www.youtube.com\/watch?v=pkF_BSj0LfE\">Giovanni Orsina<\/a>,&nbsp; professore di storia e direttore della \u201cSchool of Government\u201d alla LUISS di Roma. <\/p>\n\n\n\n<p>Titolo della conferenza : \u201cL\u2019Italia alla vigilia delle elezioni del 25 settembre\u201d.<\/p>\n\n\n\n<p>Il professore \u00e8 stato molto brillante, ha riassunto la storia recente d\u2019Italia, con l\u2019accento su Berlusconi, Prodi, i governi tecnici. Prevede la vittoria di Giorgia Meloni, e non sar\u00e0 la fine del mondo\u2026<\/p>\n\n\n\n<p>In una bella intervista su Libero, il Prof. Orsina ha affermato: &#8220;La mia impressione \u00e8 che Meloni abbia ben presente la parabola discendente di Gianfranco Fini. E che far\u00e0 di tutto per evitarla. Certo, quando non si \u00e8 pi\u00f9 all&#8217;opposizione ma si governa, e ci si deve muovere sul confine sottile tra legittimazione e condizionamento dei &#8216;<strong>poteri forti<\/strong>&#8216;, \u00e8 tutto pi\u00f9 difficile&#8221;.<\/p>\n\n\n<div class=\"wp-block-image\">\n<figure class=\"aligncenter size-full\"><img loading=\"lazy\" decoding=\"async\" width=\"493\" height=\"317\" src=\"https:\/\/www.alter-italia.com\/wp-content\/uploads\/2022\/11\/comite_orsina.jpg\" alt=\"\" class=\"wp-image-826\" srcset=\"https:\/\/www.alter-italia.com\/wp-content\/uploads\/2022\/11\/comite_orsina.jpg 493w, https:\/\/www.alter-italia.com\/wp-content\/uploads\/2022\/11\/comite_orsina-300x193.jpg 300w\" sizes=\"auto, (max-width: 493px) 85vw, 493px\" \/><figcaption>Prof. Giovanni Orsina. Foto \u00a9 Fondation Emile Chanoux<\/figcaption><\/figure>\n<\/div>\n\n\n<p>C\u2019\u00e8 \u201cMeloni 1\u201d, quella eurorealista, che si mette nella scia di <strong>Mario Draghi<\/strong> dicendosi pronta a partecipare fino in fondo al gioco europeo trattando con tutti i Paesi, a cominciare da Francia e Germania. E c\u2019\u00e8 \u201cMeloni 2\u201d, la paladina del conservatorismo trumpian-orbaninano, che ieri ha inviato un videomessaggio agli spagnoli di Vox. \u201cLa vera sfida per la leader di Fratelli d\u2019Italia sar\u00e0 trovare l\u2019equilibrio fra i suoi due avatar\u201d per evitare che uno trascini a fondo l\u2019altro, conclude il professore.<\/p>\n\n\n\n<p>\u201cMeloni 2\u201d \u201cnon pu\u00f2 proprio piacere alle attuali <em>leadership<\/em> di Francia e Germania\u201d, riflette ancora Orsina, osservando come le famiglie politiche di centro e sinistra a Parigi e Berlino siano \u201cinteressate a conservare le rispettive destre \u2013 Rassemblement National e Alternative f\u00fcr Deutschland \u2013 al di fuori del perimetro della legittimit\u00e0\u201d. Il tutto a un anno e mezzo dalle elezioni per il Parlamento europeo previste nella primavera del 2024. Destra uguale disastro economico e sociale, potrebbe essere lo schema del presidente francese <strong>Emmanuel Macron <\/strong>e del cancelliere tedesco <strong>Olaf Scholz<\/strong>.<\/p>\n\n\n\n<p><\/p>\n\n\n\n<p>Il secondo incontro del ciclo ha avuto luogo il 27 ottobre e il tema \u00e8 stato, <em>\u00e7a va sans dire<\/em>, \u201cl\u2019Italia&nbsp; dopo il voto\u201d. L\u2019invitata d\u2019onore \u00e8 Sofia Ventura, professore di Scienze Politiche alla Universit\u00e0 di Bologna.<\/p>\n\n\n\n<figure class=\"wp-block-image size-full\"><img loading=\"lazy\" decoding=\"async\" width=\"640\" height=\"360\" src=\"https:\/\/www.alter-italia.com\/wp-content\/uploads\/2022\/11\/venturaok-20210222122539.jpgscvideolist.jpeg\" alt=\"\" class=\"wp-image-827\" srcset=\"https:\/\/www.alter-italia.com\/wp-content\/uploads\/2022\/11\/venturaok-20210222122539.jpgscvideolist.jpeg 640w, https:\/\/www.alter-italia.com\/wp-content\/uploads\/2022\/11\/venturaok-20210222122539.jpgscvideolist-300x169.jpeg 300w\" sizes=\"auto, (max-width: 709px) 85vw, (max-width: 909px) 67vw, (max-width: 984px) 61vw, (max-width: 1362px) 45vw, 600px\" \/><figcaption>Prof. Sofia Ventura. Foto \u00a9 Videolist.<\/figcaption><\/figure>\n\n\n\n<p>Bolognese, si \u00e8 laureata all\u2019 Alma Mater (cos\u00ec \u00e8 chiamata l\u2019 Universit\u00e0 di Bologna) e si \u00e8 perfezionata a Firenze, alla scuola universitaria Cesare Alfieri, dove ha fatto il dottorato di ricerca.<\/p>\n\n\n\n<p>Fin da studente si \u00e8 impegnata in politica, area radical-liberale, e in seguito scrive saggi, collabora a riviste e giornali&nbsp; di orientamento liberale di&nbsp; centro destra. Al momento tuttavia pu\u00f2 essere collocata, politicamente, al \u201cCentro\u201d degli orientamenti politici.<\/p>\n\n\n\n<p>La sua lezione agli studenti di italiano \u00e8 stata brillante e puntuale&nbsp; improntata sui risultati delle elezioni; ne ha spiegato i flussi e le motivazioni che hanno portato al successo, in Italia, del centro-destra, che&nbsp; definirebbe pi\u00f9 correttamente&nbsp; destra-centro, se non destra destra.<\/p>\n\n\n\n<p>Tuttavia nessun pericolo di neofascismo, gli elettori di destra in Italia sono conservatori, professano la religione cattolica, sono attenti&nbsp; alla difesa e tutela degli interessi nazionali a Bruxelles, ma non vogliono&nbsp; uscire dalla U.E.<\/p>\n\n\n\n<p>In Italia sono favorevoli alle autonomie&nbsp; di citt\u00e0 e regioni.<\/p>\n\n\n\n<p>Altri incontri seguiranno nel futuro a scadenza mensile sempre sotto il titolo Viva l\u2019Italia.<\/p>\n\n\n<div class=\"wp-block-image\">\n<figure class=\"aligncenter size-full is-resized\"><img loading=\"lazy\" decoding=\"async\" src=\"https:\/\/www.alter-italia.com\/wp-content\/uploads\/2022\/11\/Unknown.jpeg\" alt=\"\" class=\"wp-image-828\" width=\"571\" height=\"290\" srcset=\"https:\/\/www.alter-italia.com\/wp-content\/uploads\/2022\/11\/Unknown.jpeg 315w, https:\/\/www.alter-italia.com\/wp-content\/uploads\/2022\/11\/Unknown-300x152.jpeg 300w\" sizes=\"auto, (max-width: 571px) 85vw, 571px\" \/><\/figure>\n<\/div>","protected":false},"excerpt":{"rendered":"<p>La Facolt\u00e0 di Scienze Politiche di Parigi (Science Po, come viene comunemente chiamata) ha una bella sezione a Mentone, sulla Costa Azzurra. Fondata nel 2005, \u00e8 considerata il Campus mediterraneo della facolt\u00e0 stessa. Il Campus ospita quasi 500 studenti, la maggioranza non francesi: gli stranieri sono infatti il 70%. Vi sono anche tanti italiani. L\u2019italiano &hellip; <a href=\"https:\/\/www.alter-italia.com\/index.php\/2022\/11\/13\/conferenze-in-italiano-a-mentone\/\" class=\"more-link\">Leggi tutto<span class=\"screen-reader-text\"> &#8220;Conferenze in italiano a Mentone&#8221;<\/span><\/a><\/p>\n","protected":false},"author":1,"featured_media":0,"comment_status":"open","ping_status":"closed","sticky":false,"template":"","format":"standard","meta":{"footnotes":""},"categories":[1],"tags":[80,33,61,63],"class_list":["post-823","post","type-post","status-publish","format-standard","hentry","category-non-classe","tag-alteritalia","tag-italia","tag-italici","tag-mauromarabini"],"_links":{"self":[{"href":"https:\/\/www.alter-italia.com\/index.php\/wp-json\/wp\/v2\/posts\/823","targetHints":{"allow":["GET"]}}],"collection":[{"href":"https:\/\/www.alter-italia.com\/index.php\/wp-json\/wp\/v2\/posts"}],"about":[{"href":"https:\/\/www.alter-italia.com\/index.php\/wp-json\/wp\/v2\/types\/post"}],"author":[{"embeddable":true,"href":"https:\/\/www.alter-italia.com\/index.php\/wp-json\/wp\/v2\/users\/1"}],"replies":[{"embeddable":true,"href":"https:\/\/www.alter-italia.com\/index.php\/wp-json\/wp\/v2\/comments?post=823"}],"version-history":[{"count":3,"href":"https:\/\/www.alter-italia.com\/index.php\/wp-json\/wp\/v2\/posts\/823\/revisions"}],"predecessor-version":[{"id":831,"href":"https:\/\/www.alter-italia.com\/index.php\/wp-json\/wp\/v2\/posts\/823\/revisions\/831"}],"wp:attachment":[{"href":"https:\/\/www.alter-italia.com\/index.php\/wp-json\/wp\/v2\/media?parent=823"}],"wp:term":[{"taxonomy":"category","embeddable":true,"href":"https:\/\/www.alter-italia.com\/index.php\/wp-json\/wp\/v2\/categories?post=823"},{"taxonomy":"post_tag","embeddable":true,"href":"https:\/\/www.alter-italia.com\/index.php\/wp-json\/wp\/v2\/tags?post=823"}],"curies":[{"name":"wp","href":"https:\/\/api.w.org\/{rel}","templated":true}]}}