{"id":244,"date":"2020-12-06T08:51:35","date_gmt":"2020-12-06T07:51:35","guid":{"rendered":"https:\/\/www.alter-italia.com\/?p=244"},"modified":"2020-12-11T13:20:37","modified_gmt":"2020-12-11T12:20:37","slug":"la-francia-di-macron-2-2","status":"publish","type":"post","link":"https:\/\/www.alter-italia.com\/index.php\/2020\/12\/06\/la-francia-di-macron-2-2\/","title":{"rendered":"La Francia di Macron \/2"},"content":{"rendered":"\n<p><strong>Quando \u00e8 cominciata?<\/strong><\/p>\n\n\n\n<p>Il secondo tempo ha origine da una rottura (<em>cassure<\/em>), del quinquennio di Macron, cos\u00ec come definito dal periodico <em><a href=\"https:\/\/www.lepoint.fr\" data-type=\"URL\" data-id=\"https:\/\/www.lepoint.fr\">Le Point<\/a><\/em> del 4 novembre 2020.<\/p>\n\n\n\n<p>Qui troviamo la cronaca del giorno senza fine (<em>jour sans fin<\/em>), il 29 ottobre quando in Parlamento alle ore 9 circa del mattino arriva la notizia di un attentato all\u2019arma bianca in corso a Nizza. Passa&nbsp; qualche minuto ed arriva un\u2019altra notizia : vittima decapitata.<\/p>\n\n\n\n<figure class=\"wp-block-image size-large\"><img loading=\"lazy\" decoding=\"async\" width=\"1024\" height=\"768\" src=\"https:\/\/www.alter-italia.com\/wp-content\/uploads\/2020\/12\/Macron-Femme-Actuelle-1024x768.jpeg\" alt=\"\" class=\"wp-image-245\" srcset=\"https:\/\/www.alter-italia.com\/wp-content\/uploads\/2020\/12\/Macron-Femme-Actuelle-1024x768.jpeg 1024w, https:\/\/www.alter-italia.com\/wp-content\/uploads\/2020\/12\/Macron-Femme-Actuelle-300x225.jpeg 300w, https:\/\/www.alter-italia.com\/wp-content\/uploads\/2020\/12\/Macron-Femme-Actuelle-768x576.jpeg 768w, https:\/\/www.alter-italia.com\/wp-content\/uploads\/2020\/12\/Macron-Femme-Actuelle.jpeg 1200w\" sizes=\"auto, (max-width: 709px) 85vw, (max-width: 909px) 67vw, (max-width: 1362px) 62vw, 840px\" \/><figcaption>Emmanuel Macron con la moglie Brigitte. Foto\u00a9: Femme Actuelle<\/figcaption><\/figure>\n\n\n\n<p>Il fatto accade quando il Paese \u00e8 ancora sotto choc per l\u2019attentato&nbsp; del 16 ottobre a Confians-Sainte-Honorine dove il professore Samuel Paty, insegnante di scuola viene ucciso, decapitato, da un terrorista islamico.<\/p>\n\n\n\n<p>Fra i primi a raccogliere la notizia \u00e8 il deputato LR Eric Ciotti, eletto&nbsp; a Nizza.<\/p>\n\n\n\n<p>Un altro deputato, <a href=\"https:\/\/en-marche.fr\">LREM<\/a>, dir\u00e0 in seguito che ha vissuto il giorno pi\u00f9 nero del quinquennio (Stanislas Guerini,\u201dj\u2019ai v\u00e9cu le jour le plus noir du quinquennat&#8221;, pag. 64 del numero 2515 di <em>Le Point<\/em> del 4 novembre).<\/p>\n\n\n\n<div class=\"wp-block-image\"><figure class=\"aligncenter size-large is-resized\"><img loading=\"lazy\" decoding=\"async\" src=\"https:\/\/www.alter-italia.com\/wp-content\/uploads\/2020\/12\/Eric_Ciotti.jpg\" alt=\"\" class=\"wp-image-246\" width=\"453\" height=\"453\" srcset=\"https:\/\/www.alter-italia.com\/wp-content\/uploads\/2020\/12\/Eric_Ciotti.jpg 440w, https:\/\/www.alter-italia.com\/wp-content\/uploads\/2020\/12\/Eric_Ciotti-300x300.jpg 300w, https:\/\/www.alter-italia.com\/wp-content\/uploads\/2020\/12\/Eric_Ciotti-150x150.jpg 150w\" sizes=\"auto, (max-width: 453px) 85vw, 453px\" \/><figcaption>Eric Ciotti. Foto Wikipedia.<\/figcaption><\/figure><\/div>\n\n\n\n<p>Intervistato l\u2019On. Ciotti dichiara, fra altre cose:<\/p>\n\n\n\n<p>&nbsp;\u201c \u2026 Il difetto (<em>la faille<\/em>) sta nell&#8217;ingenuit\u00e0 del nostro Paese che accoglie due milioni di immigrati regolari in 5 anni sotto Emmanuel Macron. Ci viene detto della lotta al separatismo. Ma se non fermiamo i flussi migratori non fermeremo il comunitarismo.<\/p>\n\n\n\n<p>Il presidente non ha la volont\u00e0 politica di lottare contro l&#8217;islamismo radicale: Emmanuel Macron trova il tempo per commentare la situazione politica libanese ma rifiuta di reagire all&#8217;attacco islamista davanti alla sede dell&#8217;ex Charlie Hebdo!&#8221;<\/p>\n\n\n\n<p>Non osa nemmeno menzionare il termine <em>islamismo radicale<\/em>: \u201cParlando di separatismo, il presidente Macron si rifiuta di dire che il problema \u00e8 l&#8217;islamismo! \u00c8 l&#8217;islamismo che ci sta attaccando, \u00e8 l&#8217;islamismo che dobbiamo combattere, che dobbiamo distruggere! \u2026.<\/p>\n\n\n\n<p>Anche la politica penale deve essere ferma: uno straniero condannato in Francia che viola il patto repubblicano, che viola l&#8217;asilo, (le leggi che regolano in Francia il diritto all\u2019asilo politico)&nbsp; deve essere espulso!&nbsp;<\/p>\n\n\n\n<div class=\"wp-block-image\"><figure class=\"aligncenter size-large\"><img loading=\"lazy\" decoding=\"async\" width=\"645\" height=\"385\" src=\"https:\/\/www.alter-italia.com\/wp-content\/uploads\/2020\/12\/Musulmani-in-preghiera.jpeg\" alt=\"\" class=\"wp-image-247\" srcset=\"https:\/\/www.alter-italia.com\/wp-content\/uploads\/2020\/12\/Musulmani-in-preghiera.jpeg 645w, https:\/\/www.alter-italia.com\/wp-content\/uploads\/2020\/12\/Musulmani-in-preghiera-300x179.jpeg 300w\" sizes=\"auto, (max-width: 709px) 85vw, (max-width: 909px) 67vw, (max-width: 984px) 61vw, (max-width: 1362px) 45vw, 600px\" \/><figcaption>Foto\u00a9 immezcla.it<\/figcaption><\/figure><\/div>\n\n\n\n<p>Inoltre, tra il 2018 e il 2020, 2.260 islamisti sono usciti dalle nostre prigioni! Riformiamo la Costituzione per consentire una detenzione sicura contro questi islamisti che escono di prigione. Proteggiamo i francesi! &#8220;<\/p>\n\n\n\n<p>In ottobre sono successe&nbsp; tante cose, come il nuovo manifestarsi del terrorismo islamico, sempre latente, ma che \u00e8 scoppiato con grande virulenza sullo sfondo del processo in corso sugli attentati del 2015, commessi contro <em><a href=\"https:\/\/charliehebdo.fr\">Charlie Hebdo<\/a>,<\/em> il famoso periodico francese laico, satirico e irriverente, soprattutto verso Maometto.<\/p>\n\n\n\n<p>Ne sono state evocate le caricature, ma in Francia si conferma la cultura laica, con essa la libert\u00e0 di stampa e di parola e la possibilit\u00e0 di criticare e ridicolizzare anche il profeta.<\/p>\n\n\n\n<p>Mancare di rispetto al profeta \u00e8 una bestemmia, un crimine per l\u2019Islam, la <a href=\"https:\/\/fr.wikipedia.org\/wiki\/Charia\">Charia<\/a> non lo permette; ma la Francia non \u00e8 uno Stato laico? Per molti musulmani tuttavia la Charia prevale sulle leggi della Repubblica, le leggi le fa Dio, non le fanno gli uomini\u2026..<\/p>\n\n\n\n<p>(<em>Charia<\/em> in arabo vuol dire <em>cammino per rispettare la legge di Dio<\/em>).<\/p>\n\n\n\n<figure class=\"wp-block-image size-large\"><img loading=\"lazy\" decoding=\"async\" width=\"1000\" height=\"500\" src=\"https:\/\/www.alter-italia.com\/wp-content\/uploads\/2020\/12\/Charia-imtl.com_.jpg\" alt=\"\" class=\"wp-image-249\" srcset=\"https:\/\/www.alter-italia.com\/wp-content\/uploads\/2020\/12\/Charia-imtl.com_.jpg 1000w, https:\/\/www.alter-italia.com\/wp-content\/uploads\/2020\/12\/Charia-imtl.com_-300x150.jpg 300w, https:\/\/www.alter-italia.com\/wp-content\/uploads\/2020\/12\/Charia-imtl.com_-768x384.jpg 768w\" sizes=\"auto, (max-width: 709px) 85vw, (max-width: 909px) 67vw, (max-width: 1362px) 62vw, 840px\" \/><figcaption>La flagellazione pubblica: punizione corporale frequente nella Charia. Foto\u00a9 imtl.com<\/figcaption><\/figure>\n\n\n\n<p>Ricordiamo ai&nbsp; lettori che La Francia \u00e8 l&#8217;unico paese della U.E. con una&nbsp; popolazione di immigrati di origine prevalentemente africana o magrebina molto numerosa, e che professa la religione musulmana.<\/p>\n\n\n\n<p>Parte&nbsp; di questa popolazione \u00e8 giovane o di recente immigrazione, composta da elementi indigenti o non qualificati, disoccupati per il 30 o 40%.<\/p>\n\n\n\n<p>Vivono in ghetti ubicati in squallide periferie che sono diventati luoghi di traffico di droga e criminalit\u00e0 incontrollata con una polizia assente, poco attrezzata e scarsamente motivata.<\/p>\n\n\n\n<p>Il sistema giudiziario francese, secondo molte autorevoli opinioni, \u00e8 uno dei pi\u00f9 permissivi e le sanzioni sono insufficienti, spesso non applicate e con condizioni di detenzione deplorevoli che aumentano il rischio di recidive successive.<\/p>\n\n\n\n<p>Gli atti di rivolte e di ribellione sono frequenti. Molti osservatori paventano una eventuale guerra civile. Al momento&nbsp; tuttavia, non siamo a questo punto perch\u00e9 la maggioranza dei francesi e una parte rilevante degli stessi immigrati pi\u00f9 consapevoli si oppongono a&nbsp; comportamenti&nbsp; delinquenziali.<\/p>\n\n\n\n<p>La tragedia \u00e8 che una minoranza di sinistra francese &#8220;benpensante&#8221; sosterr\u00e0 sistematicamente i delinquenti contro la polizia, giustificando il loro comportamento e mettendo in dubbio l&#8217;integrit\u00e0 delle forze dell\u2019ordine.<\/p>\n\n\n\n<figure class=\"wp-block-image size-large\"><img loading=\"lazy\" decoding=\"async\" width=\"1024\" height=\"512\" src=\"https:\/\/www.alter-italia.com\/wp-content\/uploads\/2020\/12\/donne-islam_1130X565_90_C.png-1024x512.jpeg\" alt=\"\" class=\"wp-image-252\" srcset=\"https:\/\/www.alter-italia.com\/wp-content\/uploads\/2020\/12\/donne-islam_1130X565_90_C.png-1024x512.jpeg 1024w, https:\/\/www.alter-italia.com\/wp-content\/uploads\/2020\/12\/donne-islam_1130X565_90_C.png-300x150.jpeg 300w, https:\/\/www.alter-italia.com\/wp-content\/uploads\/2020\/12\/donne-islam_1130X565_90_C.png-768x384.jpeg 768w, https:\/\/www.alter-italia.com\/wp-content\/uploads\/2020\/12\/donne-islam_1130X565_90_C.png.jpeg 1130w\" sizes=\"auto, (max-width: 709px) 85vw, (max-width: 909px) 67vw, (max-width: 1362px) 62vw, 840px\" \/><figcaption>Donne musulmane velate. Foto\u00a9 Cristiano Magdi Allam.<\/figcaption><\/figure>\n\n\n\n<p>Secondo un sondaggio Ifop (Institut fran\u00e7ais d&#8217;opinion publique) del 2019 &#8211; riportato da diverse fonti di stampa francese &#8211; il 37% dei musulmani ritiene che spetti al secolarismo francese adattarsi alla pratica dell&#8217;Islam e il 27% pensa addirittura che la Charia, la legge islamica, dovrebbe prevalere sulle leggi della Repubblica.<\/p>\n\n\n\n<p>Il porto del velo \u00e8 al centro di queste preoccupazioni, un vistoso simbolo religioso; il 68% dei praticanti crede che una ragazza dovrebbe avere il diritto di indossarlo a scuola, dove \u00e8 proibito. E il 59% considera la legge contro il porto del velo totale come una cosa negativa. Dati che riflettono un rifiuto dell&#8217;integrazione e un rifiuto del modello francese. Sono quindi il 40% a anteporre le proprie convinzioni ai valori della Repubblica, e il 74% tra gli <em>under 25<\/em>. Un&#8217;incompatibilit\u00e0 dell&#8217;Islam con i valori della societ\u00e0 francese considerata ovvia dal 29% dei praticanti e dal 45% dei giovani.<\/p>\n\n\n\n<p>In nessun&#8217;altra parte del mondo si vedono immigrati di prima o seconda generazione che attaccano una stazione di polizia con il mortaio, che ricevano gli applausi di una sinistra\/sinistra sempre pi\u00f9 radicale, complice e compiacente. I fatti sono successi a Champigny-sur-Marne, il 10 ottobre 2020.<\/p>\n\n\n\n<p>Questo \u00e8 quello che ha detto il primo ministro domenica il primo novembre 2020 su TFI e ripreso dalla stampa.<\/p>\n\n\n\n<p>A seguito dei fatti di terrorismo prima a Confians-Sainte-Honorine e poi a Nizza, Jean Castex ha denunciato i compromessi con l\u2019islamismo radicale sedimentati per troppi anni prima del suo arrivo e chiede alla comunit\u00e0 nazionale di essere unita e forte nei suoi valori per portare avanti la lotta ideologica contro questo nemico. Dice testualmente: \u201cS\u00ec, questa lotta \u00e8 ideologica, il nemico cerca di dividerci diffondendo l\u2019odio e la violenza, per spezzare la comunit\u00e0 nazionale. Voglio qui denunciare tutti i compromessi che ci sono stati, i tentativi di giustificare questo islamismo radicale, la pretesa che noi francesi dovessimo auto-flagellarci per le nostre colpe, pentirsi per il colonialismo, e che altro ancora?<\/p>\n\n\n\n<div class=\"wp-block-image\"><figure class=\"aligncenter size-large\"><img loading=\"lazy\" decoding=\"async\" width=\"440\" height=\"634\" src=\"https:\/\/www.alter-italia.com\/wp-content\/uploads\/2020\/12\/Castex.jpg\" alt=\"\" class=\"wp-image-253\" srcset=\"https:\/\/www.alter-italia.com\/wp-content\/uploads\/2020\/12\/Castex.jpg 440w, https:\/\/www.alter-italia.com\/wp-content\/uploads\/2020\/12\/Castex-208x300.jpg 208w\" sizes=\"auto, (max-width: 440px) 85vw, 440px\" \/><figcaption>Jean Castex. Foto Wikipedia.<\/figcaption><\/figure><\/div>\n\n\n\n<p>&#8220;Siamo in guerra e per vincerla la comunit\u00e0 nazionale sia solidale, sia unita, fiera delle proprie radici, della nostra identit\u00e0, della nostra Repubblica, della nostra libert\u00e0: dobbiamo vincere. Queste lassismo deve finire.<\/p>\n\n\n\n<p>Non pi\u00f9 compiacimento di intellettuali, di partiti politici. Dobbiamo stare uniti sulla base dei nostri valori, della nostra storia&#8221;.<\/p>\n\n\n\n<p>Sul piano delle risposte operative e repressive ha sottolineato lo scioglimento prossimo di associazioni islamiche. Continuiamo la lettura in francese.<\/p>\n\n\n\n<p>&nbsp;\u00abIl faut attaquer le mal \u00e0 la racine, (&#8230;) ils s&#8217;attaquent \u00e0 des associations paravents, \u00e0 des fausses mosqu\u00e9es, ils forment des \u00e9coles clandestines, ils utilisent les r\u00e9seaux sociaux, tout cela est au coeur de notre strat\u00e9gie\u00bb.<\/p>\n\n\n\n<p>\u00abLes \u00e9coles clandestines, nous en fermons, nous allons continuer \u00e0 en fermer; les fausses associations qui font du lavage de cerveau, nous allons les dissoudre (&#8230;), nous en avons ferm\u00e9es deux et nous allons continuer\u00bb, &nbsp;\u00abNous devons imp\u00e9rativement renforcer notre l\u00e9gislation, surtout le moyen d&#8217;action pour faire face&nbsp;\u00e0 la haine sur les r\u00e9seaux sociaux\u00bb.<\/p>\n\n\n\n<p>Il<a href=\"https:\/\/www.lefigaro.fr\/lefigaromagazine\"> <em>Figaro Magazine<\/em><\/a> del 6 novembre 2020 titolava: &#8220;Immigration: la fin d\u2019un tabou&#8221;.<\/p>\n\n\n\n<p>Da questo momento si potr\u00e0 associare frontiere ed immigrazione quando si deve discutere, ad ogni livello, sulle cause del terrorismo e per dare risposte agli attacchi islamisti.<\/p>\n\n\n\n<p>Per la battaglia contro il separatismo (islamista)&nbsp; \u00e8&nbsp; ora prevista una legge <em>ad hoc<\/em>, di prossima presentazione in Parlamento. Ma avr\u00e0 Macron il coraggio di andare fino a fondo?<\/p>\n\n\n\n<p>Tutto questo succede mentre in Francia imperversa il Corona virus.<\/p>\n\n\n\n<p>Macron e il governo sono criticati da ogni parte per le misure adottate e non si sa ancora come si passer\u00e0 il Natale.<\/p>\n\n\n\n<p>Un altro fatto ancora sconvolge l\u2019opinione pubblica francese.<\/p>\n\n\n\n<p>Nella serata del 21 dicembre la polizia interviene negli studi del produttore rap Michel Zecler che viene malmenato e insultato da 4 agenti. <\/p>\n\n\n\n<p>L\u2019 episodio viene, all\u2019insaputa dei poliziotti, registrato e diffuso.<\/p>\n\n\n\n<div class=\"wp-block-image\"><figure class=\"aligncenter size-large\"><img loading=\"lazy\" decoding=\"async\" width=\"620\" height=\"310\" src=\"https:\/\/www.alter-italia.com\/wp-content\/uploads\/2020\/12\/Policiers.jpg\" alt=\"\" class=\"wp-image-250\" srcset=\"https:\/\/www.alter-italia.com\/wp-content\/uploads\/2020\/12\/Policiers.jpg 620w, https:\/\/www.alter-italia.com\/wp-content\/uploads\/2020\/12\/Policiers-300x150.jpg 300w\" sizes=\"auto, (max-width: 709px) 85vw, (max-width: 909px) 67vw, (max-width: 984px) 61vw, (max-width: 1362px) 45vw, 600px\" \/><figcaption>Poliziotti francesi in assetto di anti-sommossa. Foto\u00a9 DH.be<\/figcaption><\/figure><\/div>\n\n\n\n<p>La Francia vede e freme di indignazione.<\/p>\n\n\n\n<p>Prima ancora tuttavia&nbsp; di conoscere a fondo i fatti gran parte dell&#8217;opinione pubblica ha gi\u00e0 condannato i quattro poliziotti.<\/p>\n\n\n\n<p>Pochi giorni dopo, tuttavia, la verit\u00e0 sembra pi\u00f9 sfumata di quanto non sembri.<\/p>\n\n\n\n<p>Il settimanale <em><a href=\"https:\/\/www.valeursactuelles.com\">Valeurs Actuelles<\/a><\/em> (VA) mette sulla copertina del suo numero del 3 dicembre 2020, invece di un titolo, una sequenza di frasi che illustrano alla perfezione la situazione:<\/p>\n\n\n\n<p><em>\u201cAgress\u00e9s, insult\u00e9s, abandonn\u00e9s\u2026&#8221;<\/em><\/p>\n\n\n\n<p><em>&#8220;H\u00e9ro\u00efque comme un flic<\/em> [poliziotto, nda] en France.<\/p>\n\n\n\n<p><em>&#8220;Violences anti-polici\u00e8res, propagande d\u2019extreme gauche, l\u00e2chet\u00e9s politiques: la v\u00e9rit\u00e9 sur une trahison&#8221;.<\/em><\/p>\n\n\n\n<p>La legge in corso di esame in Parlamento che, fra altre cose avrebbe dovuto limitare la diffusione di immagini sugli interventi della polizia, viene messa in discussione.<\/p>\n\n\n\n<p>Come andr\u00e0 a finire?<\/p>\n","protected":false},"excerpt":{"rendered":"<p>Quando \u00e8 cominciata? Il secondo tempo ha origine da una rottura (cassure), del quinquennio di Macron, cos\u00ec come definito dal periodico Le Point del 4 novembre 2020. Qui troviamo la cronaca del giorno senza fine (jour sans fin), il 29 ottobre quando in Parlamento alle ore 9 circa del mattino arriva la notizia di un &hellip; <a href=\"https:\/\/www.alter-italia.com\/index.php\/2020\/12\/06\/la-francia-di-macron-2-2\/\" class=\"more-link\">Leggi tutto<span class=\"screen-reader-text\"> &#8220;La Francia di Macron \/2&#8221;<\/span><\/a><\/p>\n","protected":false},"author":1,"featured_media":0,"comment_status":"open","ping_status":"closed","sticky":false,"template":"","format":"standard","meta":{"footnotes":""},"categories":[1],"tags":[],"class_list":["post-244","post","type-post","status-publish","format-standard","hentry","category-non-classe"],"_links":{"self":[{"href":"https:\/\/www.alter-italia.com\/index.php\/wp-json\/wp\/v2\/posts\/244","targetHints":{"allow":["GET"]}}],"collection":[{"href":"https:\/\/www.alter-italia.com\/index.php\/wp-json\/wp\/v2\/posts"}],"about":[{"href":"https:\/\/www.alter-italia.com\/index.php\/wp-json\/wp\/v2\/types\/post"}],"author":[{"embeddable":true,"href":"https:\/\/www.alter-italia.com\/index.php\/wp-json\/wp\/v2\/users\/1"}],"replies":[{"embeddable":true,"href":"https:\/\/www.alter-italia.com\/index.php\/wp-json\/wp\/v2\/comments?post=244"}],"version-history":[{"count":2,"href":"https:\/\/www.alter-italia.com\/index.php\/wp-json\/wp\/v2\/posts\/244\/revisions"}],"predecessor-version":[{"id":280,"href":"https:\/\/www.alter-italia.com\/index.php\/wp-json\/wp\/v2\/posts\/244\/revisions\/280"}],"wp:attachment":[{"href":"https:\/\/www.alter-italia.com\/index.php\/wp-json\/wp\/v2\/media?parent=244"}],"wp:term":[{"taxonomy":"category","embeddable":true,"href":"https:\/\/www.alter-italia.com\/index.php\/wp-json\/wp\/v2\/categories?post=244"},{"taxonomy":"post_tag","embeddable":true,"href":"https:\/\/www.alter-italia.com\/index.php\/wp-json\/wp\/v2\/tags?post=244"}],"curies":[{"name":"wp","href":"https:\/\/api.w.org\/{rel}","templated":true}]}}