{"id":237,"date":"2020-11-10T20:01:42","date_gmt":"2020-11-10T19:01:42","guid":{"rendered":"https:\/\/www.alter-italia.com\/?p=237"},"modified":"2020-11-10T20:01:42","modified_gmt":"2020-11-10T19:01:42","slug":"anche-i-grandi-sbagliano","status":"publish","type":"post","link":"https:\/\/www.alter-italia.com\/index.php\/2020\/11\/10\/anche-i-grandi-sbagliano\/","title":{"rendered":"Anche i grandi sbagliano"},"content":{"rendered":"\n<p>Il Principato sul <em>Corriere della Sera<\/em>.<\/p>\n\n\n\n<p>Nell\u2019edizione del 10 novembre 2020 del <em>Corriere della Sera<\/em> si legge un articolo sul Principato di Monaco.<\/p>\n\n\n\n<p>Il pezzo, a pagina 11 (edizione on-line), \u00e8 di piacevole lettura, l&#8217;autore, Stefano Montefiori, \u00e8 un corrispondente del giornale da\u2026 Parigi.<\/p>\n\n\n\n<p>Di solito leggo quello che scrive sulla Francia e Parigi: \u00e8 un bravissimo giornalista che si documenta e conosce la realt\u00e0 francese.<\/p>\n\n\n\n<p>Tuttavia mi aspettavo una maggiore accuratezza dal <em>Corriere<\/em> <em>della Sera<\/em>: Monte-Carlo si scrive cos\u00ec, in due parole divise da un trattino, non Montecarlo (quest\u2019ultimo \u00e8 un comune italiano in provincia di Lucca, di circa 4000 abitanti). Per tutto l\u2019articolo viene usato il termine \u201cMontecarlo\u201d.<\/p>\n\n\n\n<p>Il nome \u00e8 importante quando si designa un luogo o una persona; \u00e8 imperativo scriverlo e pronunciarlo correttamente, soprattutto se connesso all&#8217;identit\u00e0, alla storia del denominato.<\/p>\n\n\n\n<figure class=\"wp-block-image size-large\"><img loading=\"lazy\" decoding=\"async\" width=\"224\" height=\"225\" src=\"https:\/\/www.alter-italia.com\/wp-content\/uploads\/2020\/11\/Unknown.jpeg\" alt=\"\" class=\"wp-image-240\" srcset=\"https:\/\/www.alter-italia.com\/wp-content\/uploads\/2020\/11\/Unknown.jpeg 224w, https:\/\/www.alter-italia.com\/wp-content\/uploads\/2020\/11\/Unknown-150x150.jpeg 150w\" sizes=\"auto, (max-width: 224px) 85vw, 224px\" \/><figcaption>Principe Carlo III.<\/figcaption><\/figure>\n\n\n\n<p>Monte-Carlo si chiama cos\u00ec perch\u00e9 il principe Carlo III (1818-1889), negli anni \u201960 del 1800 scelse questo nome (il suo) per designare il nuovo quartiere da edificare sulle colline (\u201cMonte\u201d) piene di grotte (chiamate \u201cSp\u00e9lugues\u201d).<\/p>\n\n\n\n<p>Li&nbsp; dovevano sorgere il Casin\u00f2 e gli alberghi di lusso destinati ad accogliere la ricca e aristocratica clientela internazionale.<\/p>\n\n\n\n<p>Quindi Monte-Carlo non \u201cMont-Charles\u201d perch\u00e9 allora la lingua ufficiale era l&#8217;Italiano.<\/p>\n\n\n\n<p>Inoltre fare riferimenti storici senza contestualizzare pu\u00f2 essere fuorviante.<\/p>\n\n\n\n<p>Vero \u00e8 che la Francia ha riconosciuto Monaco nel 1489, ma a quell&#8217;epoca non era un \u201cenclave\u201d\u00a0 in Francia.<\/p>\n\n\n\n<div class=\"wp-block-image\"><figure class=\"aligncenter size-large\"><img loading=\"lazy\" decoding=\"async\" width=\"440\" height=\"527\" src=\"https:\/\/www.alter-italia.com\/wp-content\/uploads\/2020\/11\/440px-Italia_1494-it.svg_.png\" alt=\"\" class=\"wp-image-239\" srcset=\"https:\/\/www.alter-italia.com\/wp-content\/uploads\/2020\/11\/440px-Italia_1494-it.svg_.png 440w, https:\/\/www.alter-italia.com\/wp-content\/uploads\/2020\/11\/440px-Italia_1494-it.svg_-250x300.png 250w\" sizes=\"auto, (max-width: 440px) 85vw, 440px\" \/><figcaption>Carta che raffigura l&#8217;Italia e Monaco nel 1495 , con Monaco enclave di Genova a ridosso della contea di Nizza, Savoia. La Francia \u00e8 lontana;<\/figcaption><\/figure><\/div>\n\n\n\n<p>Era uno Stato piccolo, ma di una certa dimensione, includeva Roccabruna, Mentone ed un vasto retroterra; era uno Stato cuscinetto fra il Ducato di Savoia e la repubblica di Genova. La protezione della Francia permise a Monaco di sopravvivere e di evitare l&#8217;annessione&nbsp; da parte dei suoi vicini.<\/p>\n\n\n\n<p>Parlando di oggi, dal tono dell&#8217;articolo sembra che Monaco non abbia gli inconvenienti del lockdown e che si pu\u00f2 licenziare senza motivo. In verit\u00e0 le regole e i comportamenti sono solo di poco diversi da quelli della Francia.<\/p>\n\n\n\n<p>La legge che permette la risoluzione unilaterale del contratto di lavoro senza specificarne il motivo, \u00e8 stata sospesa fin quanto durer\u00e0 l&#8217;emergenza sanitaria.<\/p>\n\n\n\n<p>Le varie centinaia di persone che hanno perso il lavoro a causa della chiusura delle aziende godono di una specie di cassa integrazione che qui a Monaco si chiama &#8220;indemnit\u00e8 de ch\u00f4mage\u201d (80% del salario netto), che pu\u00f2 essere \u201ctotal, temporaire, renforc\u00e8&#8221; (cio\u00e8 indennit\u00e0 di disoccupazione totale, temporanea, o\u00a0 rinforzata).<\/p>\n\n\n\n<p>Secondo gli ultimi censimenti a Monaco sono residenti quasi 40.000 persone e vi lavorano circa 53.000 salariati.<\/p>\n\n\n\n<p>In gran parte si tratta di pendolari francesi, ma vi sono pure quasi 4.000 italiani.<\/p>\n\n\n\n<div class=\"wp-block-image\"><figure class=\"aligncenter size-large\"><img loading=\"lazy\" decoding=\"async\" width=\"480\" height=\"360\" src=\"https:\/\/www.alter-italia.com\/wp-content\/uploads\/2020\/11\/Cantiere.jpg\" alt=\"\" class=\"wp-image-241\" srcset=\"https:\/\/www.alter-italia.com\/wp-content\/uploads\/2020\/11\/Cantiere.jpg 480w, https:\/\/www.alter-italia.com\/wp-content\/uploads\/2020\/11\/Cantiere-300x225.jpg 300w\" sizes=\"auto, (max-width: 480px) 85vw, 480px\" \/><figcaption>Cantiere della costruzione della nuova penisola all&#8217;Anse du Portier.<\/figcaption><\/figure><\/div>\n\n\n\n<p><\/p>\n","protected":false},"excerpt":{"rendered":"<p>Il Principato sul Corriere della Sera. Nell\u2019edizione del 10 novembre 2020 del Corriere della Sera si legge un articolo sul Principato di Monaco. Il pezzo, a pagina 11 (edizione on-line), \u00e8 di piacevole lettura, l&#8217;autore, Stefano Montefiori, \u00e8 un corrispondente del giornale da\u2026 Parigi. Di solito leggo quello che scrive sulla Francia e Parigi: \u00e8 &hellip; <a href=\"https:\/\/www.alter-italia.com\/index.php\/2020\/11\/10\/anche-i-grandi-sbagliano\/\" class=\"more-link\">Leggi tutto<span class=\"screen-reader-text\"> &#8220;Anche i grandi sbagliano&#8221;<\/span><\/a><\/p>\n","protected":false},"author":1,"featured_media":0,"comment_status":"open","ping_status":"closed","sticky":false,"template":"","format":"standard","meta":{"footnotes":""},"categories":[1],"tags":[],"class_list":["post-237","post","type-post","status-publish","format-standard","hentry","category-non-classe"],"_links":{"self":[{"href":"https:\/\/www.alter-italia.com\/index.php\/wp-json\/wp\/v2\/posts\/237","targetHints":{"allow":["GET"]}}],"collection":[{"href":"https:\/\/www.alter-italia.com\/index.php\/wp-json\/wp\/v2\/posts"}],"about":[{"href":"https:\/\/www.alter-italia.com\/index.php\/wp-json\/wp\/v2\/types\/post"}],"author":[{"embeddable":true,"href":"https:\/\/www.alter-italia.com\/index.php\/wp-json\/wp\/v2\/users\/1"}],"replies":[{"embeddable":true,"href":"https:\/\/www.alter-italia.com\/index.php\/wp-json\/wp\/v2\/comments?post=237"}],"version-history":[{"count":2,"href":"https:\/\/www.alter-italia.com\/index.php\/wp-json\/wp\/v2\/posts\/237\/revisions"}],"predecessor-version":[{"id":242,"href":"https:\/\/www.alter-italia.com\/index.php\/wp-json\/wp\/v2\/posts\/237\/revisions\/242"}],"wp:attachment":[{"href":"https:\/\/www.alter-italia.com\/index.php\/wp-json\/wp\/v2\/media?parent=237"}],"wp:term":[{"taxonomy":"category","embeddable":true,"href":"https:\/\/www.alter-italia.com\/index.php\/wp-json\/wp\/v2\/categories?post=237"},{"taxonomy":"post_tag","embeddable":true,"href":"https:\/\/www.alter-italia.com\/index.php\/wp-json\/wp\/v2\/tags?post=237"}],"curies":[{"name":"wp","href":"https:\/\/api.w.org\/{rel}","templated":true}]}}